{"id":91,"date":"2022-08-11T19:36:16","date_gmt":"2022-08-11T19:36:16","guid":{"rendered":"https:\/\/cefomin.cl\/web\/?p=91"},"modified":"2022-08-11T19:36:17","modified_gmt":"2022-08-11T19:36:17","slug":"cobre-a-valores-historicos","status":"publish","type":"post","link":"https:\/\/cefomin.cl\/web\/2022\/08\/11\/cobre-a-valores-historicos\/","title":{"rendered":"COBRE A VALORES HIST\u00d3RICOS"},"content":{"rendered":"\n<p>El alto valor del metal rojo registrado en este \u00faltimo tiempo constituye una excelente noticia para nuestro pa\u00eds, dado que ello implica una mayor recaudaci\u00f3n para las arcas fiscales y, con ello, solventar los programas de ayuda social impulsados por el Estado debido a los efectos de la pandemia de COVID-19.<\/p>\n\n\n\n<h5 class=\"wp-block-heading\">M\u00e1s all\u00e1 de todas las expectativas, la libra de cobre super\u00f3 la barrera de los cuatro d\u00f3lares en la Bolsa de Metales, lo que tiene contento a todas las empresas mineras y al pa\u00eds, que estimaban un alza que bordeaba los tres d\u00f3lares, por lo que se podr\u00e1n inyectar ingresos adicionales del orden de 10 mil millones de d\u00f3lares extras al fisco; esto adem\u00e1s ha impactado en el valor del d\u00f3lar, que ya baj\u00f3 de los $700.<\/h5>\n\n\n\n<h5 class=\"wp-block-heading\">Si bien los expertos hab\u00edan precisado un super ciclo, el comportamiento de la venta de este metal ha superado todas las especulaciones, vinculado con una mayor demanda general a nivel mundial y la oferta constante, a pesar de los efectos globales del coronavirus.<\/h5>\n\n\n\n<h5 class=\"wp-block-heading\">Una buena nueva a todas luces, justo en momento en que en Chile fue aprobado en la C\u00e1mara de Diputados el proyecto de royalty minero, que considera una compensaci\u00f3n para el Estado por la explotaci\u00f3n minera, del orden del 3 por ciento del valor de la venta para exportadores.<\/h5>\n","protected":false},"excerpt":{"rendered":"<p>El alto valor del metal rojo registrado en este \u00faltimo tiempo constituye una excelente noticia para nuestro pa\u00eds, dado que ello implica una mayor recaudaci\u00f3n para las arcas fiscales y, [&hellip;]<\/p>\n","protected":false},"author":2,"featured_media":92,"comment_status":"open","ping_status":"open","sticky":false,"template":"","format":"standard","meta":{"_et_pb_use_builder":"off","_et_pb_old_content":"","_et_gb_content_width":"","footnotes":""},"categories":[1],"tags":[],"class_list":["post-91","post","type-post","status-publish","format-standard","has-post-thumbnail","hentry","category-uncategorized"],"_links":{"self":[{"href":"https:\/\/cefomin.cl\/web\/wp-json\/wp\/v2\/posts\/91","targetHints":{"allow":["GET"]}}],"collection":[{"href":"https:\/\/cefomin.cl\/web\/wp-json\/wp\/v2\/posts"}],"about":[{"href":"https:\/\/cefomin.cl\/web\/wp-json\/wp\/v2\/types\/post"}],"author":[{"embeddable":true,"href":"https:\/\/cefomin.cl\/web\/wp-json\/wp\/v2\/users\/2"}],"replies":[{"embeddable":true,"href":"https:\/\/cefomin.cl\/web\/wp-json\/wp\/v2\/comments?post=91"}],"version-history":[{"count":1,"href":"https:\/\/cefomin.cl\/web\/wp-json\/wp\/v2\/posts\/91\/revisions"}],"predecessor-version":[{"id":93,"href":"https:\/\/cefomin.cl\/web\/wp-json\/wp\/v2\/posts\/91\/revisions\/93"}],"wp:featuredmedia":[{"embeddable":true,"href":"https:\/\/cefomin.cl\/web\/wp-json\/wp\/v2\/media\/92"}],"wp:attachment":[{"href":"https:\/\/cefomin.cl\/web\/wp-json\/wp\/v2\/media?parent=91"}],"wp:term":[{"taxonomy":"category","embeddable":true,"href":"https:\/\/cefomin.cl\/web\/wp-json\/wp\/v2\/categories?post=91"},{"taxonomy":"post_tag","embeddable":true,"href":"https:\/\/cefomin.cl\/web\/wp-json\/wp\/v2\/tags?post=91"}],"curies":[{"name":"wp","href":"https:\/\/api.w.org\/{rel}","templated":true}]}}