{"id":88,"date":"2022-08-11T19:34:58","date_gmt":"2022-08-11T19:34:58","guid":{"rendered":"https:\/\/cefomin.cl\/web\/?p=88"},"modified":"2022-08-11T19:35:00","modified_gmt":"2022-08-11T19:35:00","slug":"presidente-sindicato-altonorte-visita-cefomin","status":"publish","type":"post","link":"https:\/\/cefomin.cl\/web\/2022\/08\/11\/presidente-sindicato-altonorte-visita-cefomin\/","title":{"rendered":"PRESIDENTE SINDICATO ALTONORTE VISITA CEFOMIN"},"content":{"rendered":"\n<p>Una especial visita del Presidente del Sindicato de Trabajadores de Altonorte, V\u00edctor Rodr\u00edguez, recibieron los participantes del Programa de Entrenamiento Operaci\u00f3n de Equipos de Servicios y Planta Concentradora, desarrollado por esa empresa junto a CEFOMIN.<\/p>\n\n\n\n<h5 class=\"wp-block-heading\">El dirigente conoci\u00f3 en terreno -durante esta jornada de fase pr\u00e1ctica- parte de la capacitaci\u00f3n que reciben familiares de trabajadores, en la especializaci\u00f3n de equipos gr\u00faa horquilla, gr\u00faa pluma y en t\u00e9cnicas de izaje (Rigger); iniciativa que fue gestada por la entidad gremial que \u00e9l encabeza.<\/h5>\n\n\n\n<h5 class=\"wp-block-heading\">En el encuentro, V\u00edctor Rodr\u00edguez valor\u00f3 este tipo de formaci\u00f3n que brinda herramientas esenciales para que las personas puedan incorporarse a la industria, la que hoy requiere t\u00e9cnicos con alta especializaci\u00f3n y competencias desarrolladas en el \u00e1mbito de la seguridad y operaci\u00f3n minera.<\/h5>\n\n\n\n<h5 class=\"wp-block-heading\">Asimismo, destac\u00f3 y felicit\u00f3 el compromiso de los participantes del programa que est\u00e1n pr\u00f3ximos a egresar del mismo, inst\u00e1ndolos a mantener la misma motivaci\u00f3n hasta el t\u00e9rmino del proceso formativo.<\/h5>\n\n\n\n<h5 class=\"wp-block-heading\">&nbsp;<\/h5>\n\n\n\n<h5 class=\"wp-block-heading\">Erwin Cabezas, Director Ejecutivo de CEFOMIN, agradeci\u00f3 la confianza de Altonorte y manifest\u00f3 su satisfacci\u00f3n por los avances de los participantes del programa, en el marco del fortalecimiento de sus habilidades que les brindar\u00e1n nuevas oportunidades para su exitosa incorporaci\u00f3n en la miner\u00eda.<\/h5>\n","protected":false},"excerpt":{"rendered":"<p>Una especial visita del Presidente del Sindicato de Trabajadores de Altonorte, V\u00edctor Rodr\u00edguez, recibieron los participantes del Programa de Entrenamiento Operaci\u00f3n de Equipos de Servicios y Planta Concentradora, desarrollado por [&hellip;]<\/p>\n","protected":false},"author":2,"featured_media":89,"comment_status":"open","ping_status":"open","sticky":false,"template":"","format":"standard","meta":{"_et_pb_use_builder":"off","_et_pb_old_content":"","_et_gb_content_width":"","footnotes":""},"categories":[1],"tags":[],"class_list":["post-88","post","type-post","status-publish","format-standard","has-post-thumbnail","hentry","category-uncategorized"],"_links":{"self":[{"href":"https:\/\/cefomin.cl\/web\/wp-json\/wp\/v2\/posts\/88","targetHints":{"allow":["GET"]}}],"collection":[{"href":"https:\/\/cefomin.cl\/web\/wp-json\/wp\/v2\/posts"}],"about":[{"href":"https:\/\/cefomin.cl\/web\/wp-json\/wp\/v2\/types\/post"}],"author":[{"embeddable":true,"href":"https:\/\/cefomin.cl\/web\/wp-json\/wp\/v2\/users\/2"}],"replies":[{"embeddable":true,"href":"https:\/\/cefomin.cl\/web\/wp-json\/wp\/v2\/comments?post=88"}],"version-history":[{"count":1,"href":"https:\/\/cefomin.cl\/web\/wp-json\/wp\/v2\/posts\/88\/revisions"}],"predecessor-version":[{"id":90,"href":"https:\/\/cefomin.cl\/web\/wp-json\/wp\/v2\/posts\/88\/revisions\/90"}],"wp:featuredmedia":[{"embeddable":true,"href":"https:\/\/cefomin.cl\/web\/wp-json\/wp\/v2\/media\/89"}],"wp:attachment":[{"href":"https:\/\/cefomin.cl\/web\/wp-json\/wp\/v2\/media?parent=88"}],"wp:term":[{"taxonomy":"category","embeddable":true,"href":"https:\/\/cefomin.cl\/web\/wp-json\/wp\/v2\/categories?post=88"},{"taxonomy":"post_tag","embeddable":true,"href":"https:\/\/cefomin.cl\/web\/wp-json\/wp\/v2\/tags?post=88"}],"curies":[{"name":"wp","href":"https:\/\/api.w.org\/{rel}","templated":true}]}}