{"id":561,"date":"2022-11-08T20:31:24","date_gmt":"2022-11-08T20:31:24","guid":{"rendered":"https:\/\/cefomin.cl\/web\/?p=561"},"modified":"2022-11-08T21:24:17","modified_gmt":"2022-11-08T21:24:17","slug":"mujeres-de-la-region-inician-entrenamiento-en-tronadura","status":"publish","type":"post","link":"https:\/\/cefomin.cl\/web\/2022\/11\/08\/mujeres-de-la-region-inician-entrenamiento-en-tronadura\/","title":{"rendered":"MUJERES DE LA REGI\u00d3N INICIAN ENTRENAMIENTO EN TRONADURA"},"content":{"rendered":"\n<p><em><strong>Se especializar\u00e1n en manejo de explosivos y operaci\u00f3n de equipos para labores de<br>tronadura, desarrollando competencias de seguridad y conductuales para el trabajo en<br>miner\u00eda.<\/strong><\/em><\/p>\n\n\n\n<p>Un total de 25 mujeres de la Regi\u00f3n de Antofagasta iniciaron su proceso formativo como parte del<br>primer Programa de Aprendices Tronadura de Maxam Chile, instancia que considera una etapa de<br>entrenamiento de 200 horas, con especializaci\u00f3n en manejo de explosivos y operaci\u00f3n de equipos<br>para labores de tronadura.<\/p>\n\n\n\n<p><br>Esta iniciativa es posible gracias a la alianza publico privada entre el Gobierno Regional, a trav\u00e9s<br>del Servicio Nacional de Capacitaci\u00f3n y Empleo, SENCE, OTIC SOFOFA, Maxam Chile y el organismo<br>T\u00e9cnico de Capacitaci\u00f3n CEFOMIN.<\/p>\n\n\n\n<p><br>Este proceso de entrenamiento finalizar\u00e1 a mediados de diciembre pr\u00f3ximo, y considera el<br>desarrollo de competencias de seguridad, conductuales para el trabajo en miner\u00eda y t\u00e9cnicas<br>operacionales en tronadura, las que les permitir\u00e1 insertarse en el mundo laboral en la explotaci\u00f3n<br>de yacimientos mineros, en plantas de preparaci\u00f3n y procesamiento de explosivos.<\/p>\n\n\n\n<p><br>A nombre de todas las estudiantes, Denisse Lucero comparti\u00f3 su experiencia en la empresa<br>Maxam, que se inici\u00f3 en febrero del 2021, llegando hoy a \u201cser la primera mujer operadora de<br>cami\u00f3n f\u00e1brica del pa\u00eds y estoy feliz por hacerlo en Maxam y, lo mejor, en Minera Escondida, la<br>mina de cobre m\u00e1s grande del mundo. A mis compa\u00f1eras, les dejo una frase que me motiv\u00f3<br>demasiado y espero que les sirva a mis futuras colegas, que todos tus sue\u00f1os se pueden hacer<br>realidad si tienes el coraje de perseguirlos\u201d, sostuvo.<\/p>\n\n\n\n<p> <\/p>\n\n\n\n<p><strong>Investidura<\/strong><\/p>\n\n\n\n<p>De manera simb\u00f3lica, las alumnas fueron investidas con la ropa corporativa de Maxam Chile, como<br>una forma de hacerlas parte desde ya de esa compa\u00f1\u00eda, en su desempe\u00f1o en los distintos centros<br>operacionales en faena o planta. Un anticipo de lo que podr\u00eda ser una excelente oportunidad para<br>ellas, ya que luego del t\u00e9rmino del programa existe la oportunidad que un n\u00famero importante<br>pueda ser parte del equipo de operaci\u00f3n en Escondida | BHP para Maxam y Planta La Elenita.<\/p>\n\n\n\n<p><\/p>\n\n\n\n<figure class=\"wp-block-gallery has-nested-images columns-default is-cropped wp-block-gallery-1 is-layout-flex wp-block-gallery-is-layout-flex\">\n<figure class=\"wp-block-image size-large\"><img loading=\"lazy\" decoding=\"async\" width=\"768\" height=\"1024\" data-id=\"547\" src=\"https:\/\/cefomin.cl\/web\/wp-content\/uploads\/2022\/11\/IMG_0879-768x1024.jpg\" alt=\"\" class=\"wp-image-547\"\/><\/figure>\n\n\n\n<figure class=\"wp-block-image size-large\"><img loading=\"lazy\" decoding=\"async\" width=\"1024\" height=\"768\" data-id=\"548\" src=\"https:\/\/cefomin.cl\/web\/wp-content\/uploads\/2022\/11\/IMG_0877-1024x768.jpg\" alt=\"\" class=\"wp-image-548\" srcset=\"https:\/\/cefomin.cl\/web\/wp-content\/uploads\/2022\/11\/IMG_0877-980x735.jpg 980w, https:\/\/cefomin.cl\/web\/wp-content\/uploads\/2022\/11\/IMG_0877-480x360.jpg 480w\" sizes=\"auto, (min-width: 0px) and (max-width: 480px) 480px, (min-width: 481px) and (max-width: 980px) 980px, (min-width: 981px) 1024px, 100vw\" \/><\/figure>\n\n\n\n<figure class=\"wp-block-image size-large\"><img loading=\"lazy\" decoding=\"async\" width=\"768\" height=\"1024\" data-id=\"549\" src=\"https:\/\/cefomin.cl\/web\/wp-content\/uploads\/2022\/11\/IMG_0894-768x1024.jpg\" alt=\"\" class=\"wp-image-549\"\/><\/figure>\n\n\n\n<figure class=\"wp-block-image size-large\"><img loading=\"lazy\" decoding=\"async\" width=\"768\" height=\"1024\" data-id=\"550\" src=\"https:\/\/cefomin.cl\/web\/wp-content\/uploads\/2022\/11\/IMG_0886-768x1024.jpg\" alt=\"\" class=\"wp-image-550\"\/><\/figure>\n\n\n\n<figure class=\"wp-block-image size-large\"><img loading=\"lazy\" decoding=\"async\" width=\"768\" height=\"1024\" data-id=\"551\" src=\"https:\/\/cefomin.cl\/web\/wp-content\/uploads\/2022\/11\/IMG_0901-768x1024.jpg\" alt=\"\" class=\"wp-image-551\"\/><\/figure>\n\n\n\n<figure class=\"wp-block-image size-large\"><img loading=\"lazy\" decoding=\"async\" width=\"768\" height=\"1024\" data-id=\"546\" src=\"https:\/\/cefomin.cl\/web\/wp-content\/uploads\/2022\/11\/IMG_0897-768x1024.jpg\" alt=\"\" class=\"wp-image-546\"\/><\/figure>\n<\/figure>\n\n\n\n<p><br>\u201cEstamos muy contentos de iniciar este programa de entrenamiento, para apoyar la formaci\u00f3n de<br>estas 25 mujeres de la regi\u00f3n. Estamos seguros que todas ellas lo terminar\u00e1n exitosamente para<br>dar un importante giro en sus vidas. Agradecemos a Maxam Chile por confiar en CEFOMIN y<br>posibilitar la ejecuci\u00f3n de programas que benefician la capacitaci\u00f3n de las personas, con el<br>prop\u00f3sito de mejorar su formaci\u00f3n y as\u00ed tener mejores oportunidades laborales, y a SENCE por<br>poner a disposici\u00f3n los instrumentos como el precontrato para la capacitaci\u00f3n de personas\u201d,<br>resalt\u00f3 Erwin Cabezas, director ejecutivo de CEFOMIN.<\/p>\n\n\n\n<p><br>En el lanzamiento de este programa de entrenamiento estuvieron presentes Guido Mu\u00f1oz,<br>director Subrogante del SENCE Antofagasta; Mario Uribe, gerente de servicio a las personas de                       Escondida | BHP; Patricio Rom\u00e1n Gonz\u00e1lez, latam human resources manager, Maxam Chile; Erwin<br>Cabezas, director ejecutivo de CEFOMIN Capacitaci\u00f3n; Jorge Ramos, sub-director ONEMI<br>Antofagasta; Claudio Reyes, presidente C\u00edrculo de Seguridad Antofagasta; ejecutivos de Maxam<br>Chile, Escondida | BHP, CEFOMIN e invitados especiales.<\/p>\n\n\n\n<p><\/p>\n\n\n\n<p><\/p>\n","protected":false},"excerpt":{"rendered":"<p>Se especializar\u00e1n en manejo de explosivos y operaci\u00f3n de equipos para labores detronadura, desarrollando competencias de seguridad y conductuales para el trabajo enminer\u00eda. Un total de 25 mujeres de la [&hellip;]<\/p>\n","protected":false},"author":2,"featured_media":538,"comment_status":"open","ping_status":"open","sticky":false,"template":"","format":"standard","meta":{"_et_pb_use_builder":"off","_et_pb_old_content":"<!-- wp:paragraph -->\n<p><em><strong>Se especializar\u00e1n en manejo de explosivos y operaci\u00f3n de equipos para labores de<br>tronadura, desarrollando competencias de seguridad y conductuales para el trabajo en<br>miner\u00eda.<\/strong><\/em><\/p>\n<!-- \/wp:paragraph -->\n\n<!-- wp:paragraph -->\n<p>Un total de 25 mujeres de la Regi\u00f3n de Antofagasta iniciaron su proceso formativo como parte del<br>primer Programa de Aprendices Tronadura de Maxam Chile, instancia que considera una etapa de<br>entrenamiento de 200 horas, con especializaci\u00f3n en manejo de explosivos y operaci\u00f3n de equipos<br>para labores de tronadura.<\/p>\n<!-- \/wp:paragraph -->\n\n<!-- wp:paragraph -->\n<p><br>Esta iniciativa es posible gracias a la alianza publico privada entre el Gobierno Regional, a trav\u00e9s<br>del Servicio Nacional de Capacitaci\u00f3n y Empleo, SENCE, OTIC SOFOFA, Maxam Chile y el organismo<br>T\u00e9cnico de Capacitaci\u00f3n CEFOMIN.<\/p>\n<!-- \/wp:paragraph -->\n\n<!-- wp:paragraph -->\n<p><br>Este proceso de entrenamiento finalizar\u00e1 a mediados de diciembre pr\u00f3ximo, y considera el<br>desarrollo de competencias de seguridad, conductuales para el trabajo en miner\u00eda y t\u00e9cnicas<br>operacionales en tronadura, las que les permitir\u00e1 insertarse en el mundo laboral en la explotaci\u00f3n<br>de yacimientos mineros, en plantas de preparaci\u00f3n y procesamiento de explosivos.<\/p>\n<!-- \/wp:paragraph -->\n\n<!-- wp:paragraph -->\n<p><br>A nombre de todas las estudiantes, Denisse Lucero comparti\u00f3 su experiencia en la empresa<br>Maxam, que se inici\u00f3 en febrero del 2021, llegando hoy a \u201cser la primera mujer operadora de<br>cami\u00f3n f\u00e1brica del pa\u00eds y estoy feliz por hacerlo en Maxam y, lo mejor, en Minera Escondida, la<br>mina de cobre m\u00e1s grande del mundo. A mis compa\u00f1eras, les dejo una frase que me motiv\u00f3<br>demasiado y espero que les sirva a mis futuras colegas, que todos tus sue\u00f1os se pueden hacer<br>realidad si tienes el coraje de perseguirlos\u201d, sostuvo.<\/p>\n<!-- \/wp:paragraph -->\n\n<!-- wp:paragraph -->\n<p> <\/p>\n<!-- \/wp:paragraph -->\n\n<!-- wp:paragraph -->\n<p><strong>Investidura<\/strong><\/p>\n<!-- \/wp:paragraph -->\n\n<!-- wp:paragraph -->\n<p><br>De manera simb\u00f3lica, las alumnas fueron investidas con la ropa corporativa de Maxam Chile, como<br>una forma de hacerlas parte desde ya de esa compa\u00f1\u00eda, en su desempe\u00f1o en los distintos centros<br>operacionales en faena o planta. Un anticipo de lo que podr\u00eda ser una excelente oportunidad para<br>ellas, ya que luego del t\u00e9rmino del programa existe la oportunidad que un n\u00famero importante<br>pueda ser parte del equipo de operaci\u00f3n en Escondida | BHP y Planta La Elenita.<\/p>\n<!-- \/wp:paragraph -->\n\n<!-- wp:paragraph -->\n<p><\/p>\n<!-- \/wp:paragraph -->\n\n<!-- wp:gallery {\"linkTo\":\"none\"} -->\n<figure class=\"wp-block-gallery has-nested-images columns-default is-cropped\"><!-- wp:image {\"id\":547,\"sizeSlug\":\"large\",\"linkDestination\":\"none\"} -->\n<figure class=\"wp-block-image size-large\"><img src=\"https:\/\/cefomin.cl\/web\/wp-content\/uploads\/2022\/11\/IMG_0879-768x1024.jpg\" alt=\"\" class=\"wp-image-547\"\/><\/figure>\n<!-- \/wp:image -->\n\n<!-- wp:image {\"id\":548,\"sizeSlug\":\"large\",\"linkDestination\":\"none\"} -->\n<figure class=\"wp-block-image size-large\"><img src=\"https:\/\/cefomin.cl\/web\/wp-content\/uploads\/2022\/11\/IMG_0877-1024x768.jpg\" alt=\"\" class=\"wp-image-548\"\/><\/figure>\n<!-- \/wp:image -->\n\n<!-- wp:image {\"id\":549,\"sizeSlug\":\"large\",\"linkDestination\":\"none\"} -->\n<figure class=\"wp-block-image size-large\"><img src=\"https:\/\/cefomin.cl\/web\/wp-content\/uploads\/2022\/11\/IMG_0894-768x1024.jpg\" alt=\"\" class=\"wp-image-549\"\/><\/figure>\n<!-- \/wp:image -->\n\n<!-- wp:image {\"id\":550,\"sizeSlug\":\"large\",\"linkDestination\":\"none\"} -->\n<figure class=\"wp-block-image size-large\"><img src=\"https:\/\/cefomin.cl\/web\/wp-content\/uploads\/2022\/11\/IMG_0886-768x1024.jpg\" alt=\"\" class=\"wp-image-550\"\/><\/figure>\n<!-- \/wp:image -->\n\n<!-- wp:image {\"id\":551,\"sizeSlug\":\"large\",\"linkDestination\":\"none\"} -->\n<figure class=\"wp-block-image size-large\"><img src=\"https:\/\/cefomin.cl\/web\/wp-content\/uploads\/2022\/11\/IMG_0901-768x1024.jpg\" alt=\"\" class=\"wp-image-551\"\/><\/figure>\n<!-- \/wp:image -->\n\n<!-- wp:image {\"id\":546,\"sizeSlug\":\"large\",\"linkDestination\":\"none\"} -->\n<figure class=\"wp-block-image size-large\"><img src=\"https:\/\/cefomin.cl\/web\/wp-content\/uploads\/2022\/11\/IMG_0897-768x1024.jpg\" alt=\"\" class=\"wp-image-546\"\/><\/figure>\n<!-- \/wp:image --><\/figure>\n<!-- \/wp:gallery -->\n\n<!-- wp:paragraph -->\n<p><br>\u201cEstamos muy contentos de iniciar este programa de entrenamiento, para apoyar la formaci\u00f3n de<br>estas 25 mujeres de la regi\u00f3n. Estamos seguros que todas ellas lo terminar\u00e1n exitosamente para<br>dar un importante giro en sus vidas. Agradecemos a Maxam Chile por confiar en CEFOMIN y<br>posibilitar la ejecuci\u00f3n de programas que benefician la capacitaci\u00f3n de las personas, con el<br>prop\u00f3sito de mejorar su formaci\u00f3n y as\u00ed tener mejores oportunidades laborales, y a SENCE por<br>poner a disposici\u00f3n los instrumentos como el precontrato para la capacitaci\u00f3n de personas\u201d,<br>resalt\u00f3 Erwin Cabezas, director ejecutivo de CEFOMIN.<\/p>\n<!-- \/wp:paragraph -->\n\n<!-- wp:paragraph -->\n<p><br>En el lanzamiento de este programa de entrenamiento estuvieron presentes Guido Mu\u00f1oz,<br>director Subrogante del SENCE Antofagasta; Mario Uribe, gerente de servicio a las personas de<\/p>\n<!-- \/wp:paragraph -->\n\n<!-- wp:paragraph -->\n<p>Escondida | BHP; Patricio Rom\u00e1n Gonz\u00e1lez, latam human resources manager, Maxam Chile; Erwin<br>Cabezas, director ejecutivo de CEFOMIN Capacitaci\u00f3n; Jorge Ramos, sub-director ONEMI<br>Antofagasta; Claudio Reyes, presidente C\u00edrculo de Seguridad Antofagasta; ejecutivos de Maxam<br>Chile, Escondida | BHP, CEFOMIN e invitados especiales.<\/p>\n<!-- \/wp:paragraph -->\n\n<!-- wp:paragraph -->\n<p><\/p>\n<!-- \/wp:paragraph -->\n\n<!-- wp:paragraph -->\n<p><\/p>\n<!-- \/wp:paragraph -->","_et_gb_content_width":"","footnotes":""},"categories":[1],"tags":[],"class_list":["post-561","post","type-post","status-publish","format-standard","has-post-thumbnail","hentry","category-uncategorized"],"_links":{"self":[{"href":"https:\/\/cefomin.cl\/web\/wp-json\/wp\/v2\/posts\/561","targetHints":{"allow":["GET"]}}],"collection":[{"href":"https:\/\/cefomin.cl\/web\/wp-json\/wp\/v2\/posts"}],"about":[{"href":"https:\/\/cefomin.cl\/web\/wp-json\/wp\/v2\/types\/post"}],"author":[{"embeddable":true,"href":"https:\/\/cefomin.cl\/web\/wp-json\/wp\/v2\/users\/2"}],"replies":[{"embeddable":true,"href":"https:\/\/cefomin.cl\/web\/wp-json\/wp\/v2\/comments?post=561"}],"version-history":[{"count":7,"href":"https:\/\/cefomin.cl\/web\/wp-json\/wp\/v2\/posts\/561\/revisions"}],"predecessor-version":[{"id":568,"href":"https:\/\/cefomin.cl\/web\/wp-json\/wp\/v2\/posts\/561\/revisions\/568"}],"wp:featuredmedia":[{"embeddable":true,"href":"https:\/\/cefomin.cl\/web\/wp-json\/wp\/v2\/media\/538"}],"wp:attachment":[{"href":"https:\/\/cefomin.cl\/web\/wp-json\/wp\/v2\/media?parent=561"}],"wp:term":[{"taxonomy":"category","embeddable":true,"href":"https:\/\/cefomin.cl\/web\/wp-json\/wp\/v2\/categories?post=561"},{"taxonomy":"post_tag","embeddable":true,"href":"https:\/\/cefomin.cl\/web\/wp-json\/wp\/v2\/tags?post=561"}],"curies":[{"name":"wp","href":"https:\/\/api.w.org\/{rel}","templated":true}]}}